{"id":1964,"date":"2023-11-16T20:20:28","date_gmt":"2023-11-16T20:20:28","guid":{"rendered":"http:\/\/www.annaobserva.org\/observatorio\/?p=1964"},"modified":"2025-04-08T17:07:27","modified_gmt":"2025-04-08T17:07:27","slug":"ecuador-comite-interinstitucional-de-coordinacion-para-la-prevencion-de-trata-de-personas-y-trafico-ilicito-de-migrantes-y-proteccion-a-sus-victimas","status":"publish","type":"post","link":"https:\/\/www.annaobserva.org\/observatorio\/ecuador-comite-interinstitucional-de-coordinacion-para-la-prevencion-de-trata-de-personas-y-trafico-ilicito-de-migrantes-y-proteccion-a-sus-victimas\/","title":{"rendered":"Comit\u00e9 Interinstitucional de Coordinaci\u00f3n para la Prevenci\u00f3n de Trata de Personas y Tr\u00e1fico Il\u00edcito de Migrantes, y Protecci\u00f3n a sus V\u00edctimas"},"content":{"rendered":"","protected":false},"excerpt":{"rendered":"<p><a class=\"read-more\" href=\"https:\/\/www.annaobserva.org\/observatorio\/ecuador-comite-interinstitucional-de-coordinacion-para-la-prevencion-de-trata-de-personas-y-trafico-ilicito-de-migrantes-y-proteccion-a-sus-victimas\/\">Read More<\/a><\/p>\n","protected":false},"author":5,"featured_media":0,"comment_status":"closed","ping_status":"closed","sticky":false,"template":"","format":"standard","meta":{"_acf_changed":false,"footnotes":""},"categories":[125,4],"tags":[48],"class_list":["post-1964","post","type-post","status-publish","format-standard","hentry","category-ecuador","category-espacios-de-coordinacion","tag-trata"],"acf":[],"_links":{"self":[{"href":"https:\/\/www.annaobserva.org\/observatorio\/wp-json\/wp\/v2\/posts\/1964","targetHints":{"allow":["GET"]}}],"collection":[{"href":"https:\/\/www.annaobserva.org\/observatorio\/wp-json\/wp\/v2\/posts"}],"about":[{"href":"https:\/\/www.annaobserva.org\/observatorio\/wp-json\/wp\/v2\/types\/post"}],"author":[{"embeddable":true,"href":"https:\/\/www.annaobserva.org\/observatorio\/wp-json\/wp\/v2\/users\/5"}],"replies":[{"embeddable":true,"href":"https:\/\/www.annaobserva.org\/observatorio\/wp-json\/wp\/v2\/comments?post=1964"}],"version-history":[{"count":2,"href":"https:\/\/www.annaobserva.org\/observatorio\/wp-json\/wp\/v2\/posts\/1964\/revisions"}],"predecessor-version":[{"id":2431,"href":"https:\/\/www.annaobserva.org\/observatorio\/wp-json\/wp\/v2\/posts\/1964\/revisions\/2431"}],"wp:attachment":[{"href":"https:\/\/www.annaobserva.org\/observatorio\/wp-json\/wp\/v2\/media?parent=1964"}],"wp:term":[{"taxonomy":"category","embeddable":true,"href":"https:\/\/www.annaobserva.org\/observatorio\/wp-json\/wp\/v2\/categories?post=1964"},{"taxonomy":"post_tag","embeddable":true,"href":"https:\/\/www.annaobserva.org\/observatorio\/wp-json\/wp\/v2\/tags?post=1964"}],"curies":[{"name":"wp","href":"https:\/\/api.w.org\/{rel}","templated":true}]}}