{"id":225,"date":"2018-03-06T20:39:32","date_gmt":"2018-03-06T20:39:32","guid":{"rendered":"http:\/\/www.annaobserva.org\/observatorio\/?p=225"},"modified":"2025-04-09T15:45:26","modified_gmt":"2025-04-09T15:45:26","slug":"plan-nacional-de-accion-contra-la-explotacion-sexual-con-fines-comerciales-a-ninas-ninos-y-adolescentes-en-guatemala","status":"publish","type":"post","link":"https:\/\/www.annaobserva.org\/observatorio\/plan-nacional-de-accion-contra-la-explotacion-sexual-con-fines-comerciales-a-ninas-ninos-y-adolescentes-en-guatemala\/","title":{"rendered":"Plan Nacional de Acci\u00f3n contra la Explotaci\u00f3n Sexual con Fines Comerciales a ni\u00f1as, ni\u00f1os y adolescentes en Guatemala"},"content":{"rendered":"","protected":false},"excerpt":{"rendered":"<p><a class=\"read-more\" href=\"https:\/\/www.annaobserva.org\/observatorio\/plan-nacional-de-accion-contra-la-explotacion-sexual-con-fines-comerciales-a-ninas-ninos-y-adolescentes-en-guatemala\/\">Read More<\/a><\/p>\n","protected":false},"author":3,"featured_media":0,"comment_status":"closed","ping_status":"closed","sticky":false,"template":"","format":"standard","meta":{"_acf_changed":false,"footnotes":""},"categories":[129,3],"tags":[51],"class_list":["post-225","post","type-post","status-publish","format-standard","hentry","category-guatemala","category-politicas-publicas","tag-explotacion-sexual"],"acf":[],"_links":{"self":[{"href":"https:\/\/www.annaobserva.org\/observatorio\/wp-json\/wp\/v2\/posts\/225","targetHints":{"allow":["GET"]}}],"collection":[{"href":"https:\/\/www.annaobserva.org\/observatorio\/wp-json\/wp\/v2\/posts"}],"about":[{"href":"https:\/\/www.annaobserva.org\/observatorio\/wp-json\/wp\/v2\/types\/post"}],"author":[{"embeddable":true,"href":"https:\/\/www.annaobserva.org\/observatorio\/wp-json\/wp\/v2\/users\/3"}],"replies":[{"embeddable":true,"href":"https:\/\/www.annaobserva.org\/observatorio\/wp-json\/wp\/v2\/comments?post=225"}],"version-history":[{"count":2,"href":"https:\/\/www.annaobserva.org\/observatorio\/wp-json\/wp\/v2\/posts\/225\/revisions"}],"predecessor-version":[{"id":2453,"href":"https:\/\/www.annaobserva.org\/observatorio\/wp-json\/wp\/v2\/posts\/225\/revisions\/2453"}],"wp:attachment":[{"href":"https:\/\/www.annaobserva.org\/observatorio\/wp-json\/wp\/v2\/media?parent=225"}],"wp:term":[{"taxonomy":"category","embeddable":true,"href":"https:\/\/www.annaobserva.org\/observatorio\/wp-json\/wp\/v2\/categories?post=225"},{"taxonomy":"post_tag","embeddable":true,"href":"https:\/\/www.annaobserva.org\/observatorio\/wp-json\/wp\/v2\/tags?post=225"}],"curies":[{"name":"wp","href":"https:\/\/api.w.org\/{rel}","templated":true}]}}